{"id":1836,"date":"2018-12-01T00:01:17","date_gmt":"2018-12-01T00:01:17","guid":{"rendered":"http:\/\/homepage1.klafka-hinz.eu\/?p=1836"},"modified":"2018-12-01T00:01:17","modified_gmt":"2018-12-01T00:01:17","slug":"rueckblick-2018","status":"publish","type":"post","link":"https:\/\/www.klafka-hinz.de\/?p=1836","title":{"rendered":"R\u00fcckblick 2018"},"content":{"rendered":"<h2>Das war 2018<\/h2>\n<h1>Unser Jahresr\u00fcckblick<\/h1>\n<p>Das Jahr 2018 neigt sich dem Ende zu. Die richtige Gelegenheit um nochmal inne zu halten und auf ein ereignisreiches Jahr 2018 zur\u00fcckzublicken.\u00a0Die wichtigsten Meilensteine haben wir f\u00fcr Sie in einem kleinen R\u00fcckblick zusammengefasst:<\/p>\n<h2>Interimsmodell: MaLo\/MeLo<\/h2>\n<p>Das Jahr begann mit einer umfangreichen Umstellung, die die ganze Branche betraf: Die Einf\u00fchrung der Markt- und Messlokationen zum 01.02.2018. Durch (individuelle) Umstellungs-Projekte konnten unsere Kunden diese Herausforderung erfolgreich meistern.<\/p>\n<h2>01<\/h2>\n<p style=\"text-align: center;\">Januar<\/p>\n<p><img decoding=\"async\" title=\"Windmill2\" src=\"\/wp-content\/uploads\/elementor\/thumbs\/Windmill2-nukfrxg23fkpvr5kdde2scrm7hpxgotj6shj2mtetg.jpg\" alt=\"Windmill2\" \/><br \/>\n<img decoding=\"async\" title=\"Jahresr\u00fcckblick_8\" src=\"\/wp-content\/uploads\/elementor\/thumbs\/Jahresr\u00fcckblick_8-1-o02vvd09ons4tq25ejynsi2j4zlp263k6e47k6g3xc.png\" alt=\"Jahresr\u00fcckblick_8\" \/><\/p>\n<h2>02<\/h2>\n<p style=\"text-align: center;\">Februar<\/p>\n<h2>E-World 2018<\/h2>\n<p>Im Februar haben wir uns wieder auf der E-World eingefunden und gemeinsam mit Ihnen \u00fcber die kommenden Herausforderungen gesprochen. Highlights waren das neue Web-Frontend und das Taskboard, mit dem Sie Ihre Aufgaben zuk\u00fcnftig noch komfortabler verwalten k\u00f6nnen.<\/p>\n<h2>K&amp;H w\u00e4chst: Einweihung neue Etage<\/h2>\n<p>Nach einem 3-monatigen Schlusssprint konnten wir im Mai endlich unsere neue 3. Etage beziehen. Dort wurde zus\u00e4tzlicher Raum f\u00fcr weiteres Wachstum und insgesamt 39 alte und neue Kollegen geschaffen. Somit k\u00f6nnen wir Ihren Anforderungen auch in Zukunft mit der erforderlichen Tatkraft begegnen!<\/p>\n<h2>05<\/h2>\n<p style=\"text-align: center;\">Mai<\/p>\n<p><img loading=\"lazy\" decoding=\"async\" src=\"\/wp-content\/uploads\/2018\/12\/Jahresr\u00fcckblick_5-1.png\" sizes=\"auto, (max-width: 450px) 100vw, 450px\" srcset=\"\/wp-content\/uploads\/2018\/12\/Jahresr\u00fcckblick_5-1.png 450w, \/wp-content\/uploads\/2018\/12\/Jahresr\u00fcckblick_5-1-300x200.png 300w\" alt=\"\" width=\"450\" height=\"300\" \/><br \/>\n<img loading=\"lazy\" decoding=\"async\" src=\"\/wp-content\/uploads\/2018\/12\/Jahresr\u00fcckblick_6-1.png\" sizes=\"auto, (max-width: 450px) 100vw, 450px\" srcset=\"\/wp-content\/uploads\/2018\/12\/Jahresr\u00fcckblick_6-1.png 450w, \/wp-content\/uploads\/2018\/12\/Jahresr\u00fcckblick_6-1-300x200.png 300w\" alt=\"\" width=\"450\" height=\"300\" \/><\/p>\n<h2>06<\/h2>\n<p style=\"text-align: center;\">Juni<\/p>\n<h2>Betriebsausflug<\/h2>\n<p>Nach den Strapazen der Bauphase haben wir auf unserem allj\u00e4hrlichen Betriebsausflug wieder Kraft f\u00fcr neue Projekte gesammelt.<\/p>\n<p>Ahoi!<\/p>\n<h2>Rad am Ring<\/h2>\n<p>Auch aus sportlicher Sicht sind wir vielerorts vertreten &#8211; Wie beim diesj\u00e4hrigen Rad am Ring. 24 Stunden auf dem Rennrad durch die gr\u00fcne H\u00f6lle schwei\u00dft das K&amp;H-Team zusammen!<\/p>\n<h2>07<\/h2>\n<p style=\"text-align: center;\">Juli<\/p>\n<p><img loading=\"lazy\" decoding=\"async\" src=\"\/wp-content\/uploads\/2018\/12\/Jahresr\u00fcckblick_3-1.png\" sizes=\"auto, (max-width: 450px) 100vw, 450px\" srcset=\"\/wp-content\/uploads\/2018\/12\/Jahresr\u00fcckblick_3-1.png 450w, \/wp-content\/uploads\/2018\/12\/Jahresr\u00fcckblick_3-1-300x200.png 300w\" alt=\"\" width=\"450\" height=\"300\" \/><br \/>\n<img loading=\"lazy\" decoding=\"async\" src=\"\/wp-content\/uploads\/2018\/12\/Jahresr\u00fcckblick_9.png\" sizes=\"auto, (max-width: 450px) 100vw, 450px\" srcset=\"\/wp-content\/uploads\/2018\/12\/Jahresr\u00fcckblick_9.png 450w, \/wp-content\/uploads\/2018\/12\/Jahresr\u00fcckblick_9-300x173.png 300w\" alt=\"\" width=\"450\" height=\"260\" \/><\/p>\n<h2>08<\/h2>\n<p style=\"text-align: center;\">August<\/p>\n<h2>Neue Webseite<\/h2>\n<p>Was lange w\u00e4hrt&#8230;<\/p>\n<p>Nach 10 Jahren k\u00f6nnen wir unsere alte Webseite in den verdienten Ruhestand schicken und pr\u00e4sentieren uns ab August mit unserem neuen Internetauftritt.<\/p>\n<h2>Anwendertag 2018<\/h2>\n<p>Sie haben gerufen &#8211; wir haben geh\u00f6rt! 2018 haben wir, gemeinsam mit Ihnen, im Rahmen unseres Anwendertags, die kommenden Herausforderungen analysiert, Diskussionen gef\u00fchrt und einen Ausblick auf unser Portfolio 2019 gegeben.<\/p>\n<h2>09<\/h2>\n<p style=\"text-align: center;\">September<\/p>\n<p><img loading=\"lazy\" decoding=\"async\" src=\"\/wp-content\/uploads\/2018\/12\/Jahresr\u00fcckblick_1-1.png\" sizes=\"auto, (max-width: 450px) 100vw, 450px\" srcset=\"\/wp-content\/uploads\/2018\/12\/Jahresr\u00fcckblick_1-1.png 450w, \/wp-content\/uploads\/2018\/12\/Jahresr\u00fcckblick_1-1-300x200.png 300w\" alt=\"\" width=\"450\" height=\"300\" \/><br \/>\n<img loading=\"lazy\" decoding=\"async\" src=\"\/wp-content\/uploads\/2018\/12\/Jahresr\u00fcckblick_4-1.png\" sizes=\"auto, (max-width: 450px) 100vw, 450px\" srcset=\"\/wp-content\/uploads\/2018\/12\/Jahresr\u00fcckblick_4-1.png 450w, \/wp-content\/uploads\/2018\/12\/Jahresr\u00fcckblick_4-1-300x200.png 300w\" alt=\"\" width=\"450\" height=\"300\" \/><\/p>\n<h2>10<\/h2>\n<p style=\"text-align: center;\">Oktober<\/p>\n<h2>Firmenlauf 2018<\/h2>\n<p>Auch zur k\u00e4lteren Jahreszeit konnten wir f\u00fcr den diesj\u00e4hrigen Firmenlauf ein Team von 35 L\u00e4ufern (&gt;30% Firmenbeteiligung) f\u00fcr alle angebotenen Disziplinen stellen.<\/p>\n<h2>Produktvorstellung: Angebotsmanagement als Web-Applikation<\/h2>\n<p>Ein weiteres Highlight bahnt sich an: In Zusammenarbeit mit einer renommierten Design-Agentur aus Aachen haben wir f\u00fcr Sie eine v\u00f6llig neue Weboberfl\u00e4che entwickelt. Im November konnten wir den ersten Produkt-Meilenstein unseren Kunden pr\u00e4sentieren: Das Angebotsmanagement als Webapplikation.<\/p>\n<h2>11<\/h2>\n<p style=\"text-align: center;\">November<\/p>\n<p><img loading=\"lazy\" decoding=\"async\" src=\"\/wp-content\/uploads\/2018\/12\/Jahresr\u00fcckblick_10.png\" sizes=\"auto, (max-width: 450px) 100vw, 450px\" srcset=\"\/wp-content\/uploads\/2018\/12\/Jahresr\u00fcckblick_10.png 450w, \/wp-content\/uploads\/2018\/12\/Jahresr\u00fcckblick_10-300x177.png 300w\" alt=\"\" width=\"450\" height=\"266\" \/><br \/>\n<img loading=\"lazy\" decoding=\"async\" src=\"\/wp-content\/uploads\/2018\/12\/Jahresr\u00fcckblick_11.png\" sizes=\"auto, (max-width: 450px) 100vw, 450px\" srcset=\"\/wp-content\/uploads\/2018\/12\/Jahresr\u00fcckblick_11.png 450w, \/wp-content\/uploads\/2018\/12\/Jahresr\u00fcckblick_11-300x150.png 300w\" alt=\"\" width=\"450\" height=\"224\" \/><\/p>\n<h2>12<\/h2>\n<p style=\"text-align: center;\">Dezember<\/p>\n<h2>Danke<\/h2>\n<p>Zum Abschluss wollen wir uns f\u00fcr das erfolgreiche Jahr 2018 bei Ihnen bedanken und freuen uns auf eine gute Zusammenarbeit im neuen Jahr!<\/p>\n<p><strong><em>Peter Klafka &amp; Hans-J\u00f6rg Hinz<\/em><\/strong><\/p>\n","protected":false},"excerpt":{"rendered":"<p>Unser Jahresr\u00fcckblick Das Jahr 2018 neigt sich dem Ende zu. Die richtige Gelegenheit um nochmal inne zu halten und auf ein ereignisreiches Jahr 2018 zur\u00fcckzublicken.\u00a0Die wichtigsten Meilensteine haben wir f\u00fcr&#8230;<\/p>\n<div class=\"read-more-button-wrap\"><a class=\"moretag\" href=\"https:\/\/www.klafka-hinz.de\/?p=1836\"> weiterlesen<\/a><\/div>\n","protected":false},"author":2,"featured_media":1844,"comment_status":"closed","ping_status":"closed","sticky":false,"template":"","format":"standard","meta":{"_coblocks_attr":"","_coblocks_dimensions":"","_coblocks_responsive_height":"","_coblocks_accordion_ie_support":"","advgb_blocks_editor_width":"","advgb_blocks_columns_visual_guide":"","footnotes":""},"categories":[73],"tags":[],"class_list":["post-1836","post","type-post","status-publish","format-standard","has-post-thumbnail","hentry","category-neues"],"yoast_head":"<!-- This site is optimized with the Yoast SEO plugin v27.3 - https:\/\/yoast.com\/product\/yoast-seo-wordpress\/ -->\n<title>R\u00fcckblick 2018 - Klafka &amp; Hinz Energie-Informations-Systeme GmbH<\/title>\n<meta name=\"robots\" content=\"index, follow, max-snippet:-1, max-image-preview:large, max-video-preview:-1\" \/>\n<link rel=\"canonical\" href=\"https:\/\/www.klafka-hinz.de\/?p=1836\" \/>\n<meta property=\"og:locale\" content=\"de_DE\" \/>\n<meta property=\"og:type\" content=\"article\" \/>\n<meta property=\"og:title\" content=\"R\u00fcckblick 2018 - Klafka &amp; Hinz Energie-Informations-Systeme GmbH\" \/>\n<meta property=\"og:description\" content=\"Unser Jahresr\u00fcckblick Das Jahr 2018 neigt sich dem Ende zu. Die richtige Gelegenheit um nochmal inne zu halten und auf ein ereignisreiches Jahr 2018 zur\u00fcckzublicken.\u00a0Die wichtigsten Meilensteine haben wir f\u00fcr... weiterlesen\" \/>\n<meta property=\"og:url\" content=\"https:\/\/www.klafka-hinz.de\/?p=1836\" \/>\n<meta property=\"og:site_name\" content=\"Klafka &amp; Hinz Energie-Informations-Systeme GmbH\" \/>\n<meta property=\"article:published_time\" content=\"2018-12-01T00:01:17+00:00\" \/>\n<meta name=\"author\" content=\"Bastian Goffart\" \/>\n<meta name=\"twitter:card\" content=\"summary_large_image\" \/>\n<meta name=\"twitter:label1\" content=\"Verfasst von\" \/>\n\t<meta name=\"twitter:data1\" content=\"Bastian Goffart\" \/>\n\t<meta name=\"twitter:label2\" content=\"Gesch\u00e4tzte Lesezeit\" \/>\n\t<meta name=\"twitter:data2\" content=\"2\u00a0Minuten\" \/>\n<script type=\"application\/ld+json\" class=\"yoast-schema-graph\">{\"@context\":\"https:\\\/\\\/schema.org\",\"@graph\":[{\"@type\":\"Article\",\"@id\":\"https:\\\/\\\/www.klafka-hinz.de\\\/?p=1836#article\",\"isPartOf\":{\"@id\":\"https:\\\/\\\/www.klafka-hinz.de\\\/?p=1836\"},\"author\":{\"name\":\"Bastian Goffart\",\"@id\":\"https:\\\/\\\/www.klafka-hinz.de\\\/#\\\/schema\\\/person\\\/07d8c25d1395a231954661b8bfe2402d\"},\"headline\":\"R\u00fcckblick 2018\",\"datePublished\":\"2018-12-01T00:01:17+00:00\",\"mainEntityOfPage\":{\"@id\":\"https:\\\/\\\/www.klafka-hinz.de\\\/?p=1836\"},\"wordCount\":397,\"publisher\":{\"@id\":\"https:\\\/\\\/www.klafka-hinz.de\\\/#organization\"},\"image\":{\"@id\":\"https:\\\/\\\/www.klafka-hinz.de\\\/?p=1836#primaryimage\"},\"thumbnailUrl\":\"\",\"articleSection\":[\"Neues\"],\"inLanguage\":\"de\"},{\"@type\":\"WebPage\",\"@id\":\"https:\\\/\\\/www.klafka-hinz.de\\\/?p=1836\",\"url\":\"https:\\\/\\\/www.klafka-hinz.de\\\/?p=1836\",\"name\":\"R\u00fcckblick 2018 - Klafka &amp; Hinz Energie-Informations-Systeme GmbH\",\"isPartOf\":{\"@id\":\"https:\\\/\\\/www.klafka-hinz.de\\\/#website\"},\"primaryImageOfPage\":{\"@id\":\"https:\\\/\\\/www.klafka-hinz.de\\\/?p=1836#primaryimage\"},\"image\":{\"@id\":\"https:\\\/\\\/www.klafka-hinz.de\\\/?p=1836#primaryimage\"},\"thumbnailUrl\":\"\",\"datePublished\":\"2018-12-01T00:01:17+00:00\",\"breadcrumb\":{\"@id\":\"https:\\\/\\\/www.klafka-hinz.de\\\/?p=1836#breadcrumb\"},\"inLanguage\":\"de\",\"potentialAction\":[{\"@type\":\"ReadAction\",\"target\":[\"https:\\\/\\\/www.klafka-hinz.de\\\/?p=1836\"]}]},{\"@type\":\"ImageObject\",\"inLanguage\":\"de\",\"@id\":\"https:\\\/\\\/www.klafka-hinz.de\\\/?p=1836#primaryimage\",\"url\":\"\",\"contentUrl\":\"\"},{\"@type\":\"BreadcrumbList\",\"@id\":\"https:\\\/\\\/www.klafka-hinz.de\\\/?p=1836#breadcrumb\",\"itemListElement\":[{\"@type\":\"ListItem\",\"position\":1,\"name\":\"Startseite\",\"item\":\"https:\\\/\\\/www.klafka-hinz.de\\\/\"},{\"@type\":\"ListItem\",\"position\":2,\"name\":\"R\u00fcckblick 2018\"}]},{\"@type\":\"WebSite\",\"@id\":\"https:\\\/\\\/www.klafka-hinz.de\\\/#website\",\"url\":\"https:\\\/\\\/www.klafka-hinz.de\\\/\",\"name\":\"Klafka &amp; Hinz Energie-Informations-Systeme GmbH\",\"description\":\"\",\"publisher\":{\"@id\":\"https:\\\/\\\/www.klafka-hinz.de\\\/#organization\"},\"potentialAction\":[{\"@type\":\"SearchAction\",\"target\":{\"@type\":\"EntryPoint\",\"urlTemplate\":\"https:\\\/\\\/www.klafka-hinz.de\\\/?s={search_term_string}\"},\"query-input\":{\"@type\":\"PropertyValueSpecification\",\"valueRequired\":true,\"valueName\":\"search_term_string\"}}],\"inLanguage\":\"de\"},{\"@type\":\"Organization\",\"@id\":\"https:\\\/\\\/www.klafka-hinz.de\\\/#organization\",\"name\":\"Klafka &amp; Hinz Energie-Informations-Systeme GmbH\",\"url\":\"https:\\\/\\\/www.klafka-hinz.de\\\/\",\"logo\":{\"@type\":\"ImageObject\",\"inLanguage\":\"de\",\"@id\":\"https:\\\/\\\/www.klafka-hinz.de\\\/#\\\/schema\\\/logo\\\/image\\\/\",\"url\":\"https:\\\/\\\/www.klafka-hinz.de\\\/wp-content\\\/uploads\\\/cropped-Logo.png\",\"contentUrl\":\"https:\\\/\\\/www.klafka-hinz.de\\\/wp-content\\\/uploads\\\/cropped-Logo.png\",\"width\":263,\"height\":56,\"caption\":\"Klafka &amp; Hinz Energie-Informations-Systeme GmbH\"},\"image\":{\"@id\":\"https:\\\/\\\/www.klafka-hinz.de\\\/#\\\/schema\\\/logo\\\/image\\\/\"}},{\"@type\":\"Person\",\"@id\":\"https:\\\/\\\/www.klafka-hinz.de\\\/#\\\/schema\\\/person\\\/07d8c25d1395a231954661b8bfe2402d\",\"name\":\"Bastian Goffart\",\"image\":{\"@type\":\"ImageObject\",\"inLanguage\":\"de\",\"@id\":\"https:\\\/\\\/secure.gravatar.com\\\/avatar\\\/18ae186c638f898757aea0d9fbe2fcacc2018f2ebb5227429dddc6d52cfe50c8?s=96&d=mm&r=g\",\"url\":\"https:\\\/\\\/secure.gravatar.com\\\/avatar\\\/18ae186c638f898757aea0d9fbe2fcacc2018f2ebb5227429dddc6d52cfe50c8?s=96&d=mm&r=g\",\"contentUrl\":\"https:\\\/\\\/secure.gravatar.com\\\/avatar\\\/18ae186c638f898757aea0d9fbe2fcacc2018f2ebb5227429dddc6d52cfe50c8?s=96&d=mm&r=g\",\"caption\":\"Bastian Goffart\"},\"url\":\"https:\\\/\\\/www.klafka-hinz.de\\\/?author=2\"}]}<\/script>\n<!-- \/ Yoast SEO plugin. -->","yoast_head_json":{"title":"R\u00fcckblick 2018 - Klafka &amp; Hinz Energie-Informations-Systeme GmbH","robots":{"index":"index","follow":"follow","max-snippet":"max-snippet:-1","max-image-preview":"max-image-preview:large","max-video-preview":"max-video-preview:-1"},"canonical":"https:\/\/www.klafka-hinz.de\/?p=1836","og_locale":"de_DE","og_type":"article","og_title":"R\u00fcckblick 2018 - Klafka &amp; Hinz Energie-Informations-Systeme GmbH","og_description":"Unser Jahresr\u00fcckblick Das Jahr 2018 neigt sich dem Ende zu. Die richtige Gelegenheit um nochmal inne zu halten und auf ein ereignisreiches Jahr 2018 zur\u00fcckzublicken.\u00a0Die wichtigsten Meilensteine haben wir f\u00fcr... weiterlesen","og_url":"https:\/\/www.klafka-hinz.de\/?p=1836","og_site_name":"Klafka &amp; Hinz Energie-Informations-Systeme GmbH","article_published_time":"2018-12-01T00:01:17+00:00","author":"Bastian Goffart","twitter_card":"summary_large_image","twitter_misc":{"Verfasst von":"Bastian Goffart","Gesch\u00e4tzte Lesezeit":"2\u00a0Minuten"},"schema":{"@context":"https:\/\/schema.org","@graph":[{"@type":"Article","@id":"https:\/\/www.klafka-hinz.de\/?p=1836#article","isPartOf":{"@id":"https:\/\/www.klafka-hinz.de\/?p=1836"},"author":{"name":"Bastian Goffart","@id":"https:\/\/www.klafka-hinz.de\/#\/schema\/person\/07d8c25d1395a231954661b8bfe2402d"},"headline":"R\u00fcckblick 2018","datePublished":"2018-12-01T00:01:17+00:00","mainEntityOfPage":{"@id":"https:\/\/www.klafka-hinz.de\/?p=1836"},"wordCount":397,"publisher":{"@id":"https:\/\/www.klafka-hinz.de\/#organization"},"image":{"@id":"https:\/\/www.klafka-hinz.de\/?p=1836#primaryimage"},"thumbnailUrl":"","articleSection":["Neues"],"inLanguage":"de"},{"@type":"WebPage","@id":"https:\/\/www.klafka-hinz.de\/?p=1836","url":"https:\/\/www.klafka-hinz.de\/?p=1836","name":"R\u00fcckblick 2018 - Klafka &amp; Hinz Energie-Informations-Systeme GmbH","isPartOf":{"@id":"https:\/\/www.klafka-hinz.de\/#website"},"primaryImageOfPage":{"@id":"https:\/\/www.klafka-hinz.de\/?p=1836#primaryimage"},"image":{"@id":"https:\/\/www.klafka-hinz.de\/?p=1836#primaryimage"},"thumbnailUrl":"","datePublished":"2018-12-01T00:01:17+00:00","breadcrumb":{"@id":"https:\/\/www.klafka-hinz.de\/?p=1836#breadcrumb"},"inLanguage":"de","potentialAction":[{"@type":"ReadAction","target":["https:\/\/www.klafka-hinz.de\/?p=1836"]}]},{"@type":"ImageObject","inLanguage":"de","@id":"https:\/\/www.klafka-hinz.de\/?p=1836#primaryimage","url":"","contentUrl":""},{"@type":"BreadcrumbList","@id":"https:\/\/www.klafka-hinz.de\/?p=1836#breadcrumb","itemListElement":[{"@type":"ListItem","position":1,"name":"Startseite","item":"https:\/\/www.klafka-hinz.de\/"},{"@type":"ListItem","position":2,"name":"R\u00fcckblick 2018"}]},{"@type":"WebSite","@id":"https:\/\/www.klafka-hinz.de\/#website","url":"https:\/\/www.klafka-hinz.de\/","name":"Klafka &amp; Hinz Energie-Informations-Systeme GmbH","description":"","publisher":{"@id":"https:\/\/www.klafka-hinz.de\/#organization"},"potentialAction":[{"@type":"SearchAction","target":{"@type":"EntryPoint","urlTemplate":"https:\/\/www.klafka-hinz.de\/?s={search_term_string}"},"query-input":{"@type":"PropertyValueSpecification","valueRequired":true,"valueName":"search_term_string"}}],"inLanguage":"de"},{"@type":"Organization","@id":"https:\/\/www.klafka-hinz.de\/#organization","name":"Klafka &amp; Hinz Energie-Informations-Systeme GmbH","url":"https:\/\/www.klafka-hinz.de\/","logo":{"@type":"ImageObject","inLanguage":"de","@id":"https:\/\/www.klafka-hinz.de\/#\/schema\/logo\/image\/","url":"https:\/\/www.klafka-hinz.de\/wp-content\/uploads\/cropped-Logo.png","contentUrl":"https:\/\/www.klafka-hinz.de\/wp-content\/uploads\/cropped-Logo.png","width":263,"height":56,"caption":"Klafka &amp; Hinz Energie-Informations-Systeme GmbH"},"image":{"@id":"https:\/\/www.klafka-hinz.de\/#\/schema\/logo\/image\/"}},{"@type":"Person","@id":"https:\/\/www.klafka-hinz.de\/#\/schema\/person\/07d8c25d1395a231954661b8bfe2402d","name":"Bastian Goffart","image":{"@type":"ImageObject","inLanguage":"de","@id":"https:\/\/secure.gravatar.com\/avatar\/18ae186c638f898757aea0d9fbe2fcacc2018f2ebb5227429dddc6d52cfe50c8?s=96&d=mm&r=g","url":"https:\/\/secure.gravatar.com\/avatar\/18ae186c638f898757aea0d9fbe2fcacc2018f2ebb5227429dddc6d52cfe50c8?s=96&d=mm&r=g","contentUrl":"https:\/\/secure.gravatar.com\/avatar\/18ae186c638f898757aea0d9fbe2fcacc2018f2ebb5227429dddc6d52cfe50c8?s=96&d=mm&r=g","caption":"Bastian Goffart"},"url":"https:\/\/www.klafka-hinz.de\/?author=2"}]}},"author_meta":{"display_name":"Bastian Goffart","author_link":"https:\/\/www.klafka-hinz.de\/?author=2"},"featured_img":null,"coauthors":[],"tax_additional":{"categories":{"linked":["<a href=\"https:\/\/www.klafka-hinz.de\/?cat=73\" class=\"advgb-post-tax-term\">Neues<\/a>"],"unlinked":["<span class=\"advgb-post-tax-term\">Neues<\/span>"]}},"comment_count":"0","relative_dates":{"created":"Posted 7\u00a0Jahren ago","modified":"Updated 7\u00a0Jahren ago"},"absolute_dates":{"created":"Posted on 1. Dezember 2018","modified":"Updated on 1. Dezember 2018"},"absolute_dates_time":{"created":"Posted on 1. Dezember 2018 0:01","modified":"Updated on 1. Dezember 2018 0:01"},"featured_img_caption":"","series_order":"","_links":{"self":[{"href":"https:\/\/www.klafka-hinz.de\/index.php?rest_route=\/wp\/v2\/posts\/1836","targetHints":{"allow":["GET"]}}],"collection":[{"href":"https:\/\/www.klafka-hinz.de\/index.php?rest_route=\/wp\/v2\/posts"}],"about":[{"href":"https:\/\/www.klafka-hinz.de\/index.php?rest_route=\/wp\/v2\/types\/post"}],"author":[{"embeddable":true,"href":"https:\/\/www.klafka-hinz.de\/index.php?rest_route=\/wp\/v2\/users\/2"}],"replies":[{"embeddable":true,"href":"https:\/\/www.klafka-hinz.de\/index.php?rest_route=%2Fwp%2Fv2%2Fcomments&post=1836"}],"version-history":[{"count":2,"href":"https:\/\/www.klafka-hinz.de\/index.php?rest_route=\/wp\/v2\/posts\/1836\/revisions"}],"predecessor-version":[{"id":4836,"href":"https:\/\/www.klafka-hinz.de\/index.php?rest_route=\/wp\/v2\/posts\/1836\/revisions\/4836"}],"wp:featuredmedia":[{"embeddable":true,"href":"https:\/\/www.klafka-hinz.de\/index.php?rest_route=\/"}],"wp:attachment":[{"href":"https:\/\/www.klafka-hinz.de\/index.php?rest_route=%2Fwp%2Fv2%2Fmedia&parent=1836"}],"wp:term":[{"taxonomy":"category","embeddable":true,"href":"https:\/\/www.klafka-hinz.de\/index.php?rest_route=%2Fwp%2Fv2%2Fcategories&post=1836"},{"taxonomy":"post_tag","embeddable":true,"href":"https:\/\/www.klafka-hinz.de\/index.php?rest_route=%2Fwp%2Fv2%2Ftags&post=1836"}],"curies":[{"name":"wp","href":"https:\/\/api.w.org\/{rel}","templated":true}]}}